{"id":3293,"date":"2022-11-11T19:34:38","date_gmt":"2022-11-11T19:34:38","guid":{"rendered":"https:\/\/flohmarktgraz.at\/uj-helyett-hasznalt-bolhapiac-graz\/"},"modified":"2023-12-29T15:36:37","modified_gmt":"2023-12-29T15:36:37","slug":"uj-helyett-hasznalt-bolhapiac-graz","status":"publish","type":"post","link":"https:\/\/flohmarktgraz.at\/hu\/uj-helyett-hasznalt-bolhapiac-graz\/","title":{"rendered":"\u00daj helyett haszn\u00e1lt &#8211; Bolhapiac Graz"},"content":{"rendered":"\n<p>A fogyaszt\u00e1si cikkek \u00e1gazat\u00e1ban a nyersanyagok pazarl\u00f3 felhaszn\u00e1l\u00e1sa &#8211; a k\u00f6zleked\u00e9s \u00e9s az ipar mellett &#8211; az egyik f\u0151 oka napjaink hatalmas k\u00f6rnyezeti \u00e9s \u00e9ghajlati probl\u00e9m\u00e1inak. \u00dajszer\u0171 \u00e1llapotban l\u00e9v\u0151 \u00e9s ritk\u00e1n hordott m\u00e1rk\u00e1s ruh\u00e1k, teljesen m\u0171k\u00f6d\u0151k\u00e9pes h\u00e1ztart\u00e1si \u00e9s elektronikus k\u00e9sz\u00fcl\u00e9kek, b\u00fatorok \u00e9s mindenf\u00e9le lakberendez\u00e9si kieg\u00e9sz\u00edt\u0151k, k\u00f6nyvek, CD-k, lemezek \u00e9s \u00edgy \u00e9rt\u00e9kes nyersanyagok &#8211; gyakran a szem\u00e9tben v\u00e9gzik, vagy egyszer\u0171en az\u00e9rt maradnak haszn\u00e1laton k\u00edv\u00fcl, mert m\u00e1r nem aktu\u00e1lisak, vagy mert \u00faj \u00e1rukkal helyettes\u00edtett\u00e9k \u0151ket. Sz\u00e1mos ilyen haszn\u00e1lt haszn\u00e1lati t\u00e1rgynak van m\u00e1sodlagos piaca, \u00e9s vannak \u00e9rdekl\u0151d\u0151 v\u00e1s\u00e1rl\u00f3k, akik hosszabb term\u00e9k\u00e9letciklust biztos\u00edthatnak, \u00e9s \u00edgy k\u00f6rnyezetbar\u00e1tabb\u00e1 tehetik term\u00e9szeti er\u0151forr\u00e1saink felhaszn\u00e1l\u00e1s\u00e1t.<\/p>\n\n<p>&#8222;A haszn\u00e1lt term\u00e9kek \u00fajra\u00e9rt\u00e9kes\u00edt\u00e9se \u00e9s saj\u00e1t maga \u00e1ltali megv\u00e1s\u00e1rl\u00e1sa m\u00e1r nem a p\u00e9nzhi\u00e1ny jele, hanem sz\u00e9les k\u00f6r\u0171 \u00e9letm\u00f3dtrend. Ugyanakkor a gazdas\u00e1gi \u00e9s \u00f6kol\u00f3giai intelligencia jele is. Az ideiglenes tulajdonl\u00e1s egy \u00faj fogyaszt\u00f3i trend&#8221;.<\/p>\n\n<p>A grazi bolhapiac lehet\u0151v\u00e9 teszi a haszn\u00e1lt \u00e1ruk v\u00e1s\u00e1rl\u00e1s\u00e1t \u00e9s elad\u00e1s\u00e1t, valamint a m\u00e1r nem sz\u00fcks\u00e9ges vagy kiselejtezett dolgok &#8222;m\u00e1sodik \u00e9let\u00e9t&#8221;. A m\u0171k\u00f6d\u0151 vagy k\u00f6nnyen jav\u00edthat\u00f3 haszn\u00e1lt term\u00e9kek bev\u00e9telt jelentenek az elad\u00f3nak, ugyanakkor az \u00fajrafelhaszn\u00e1l\u00e1s r\u00e9v\u00e9n meg\u00f3vj\u00e1k a term\u00e9szeti er\u0151forr\u00e1sokat.<\/p>\n\n<p><strong>\u00d6sszek\u00f6ti az embereket<\/strong>:<\/p>\n\n<p>Ak\u00e1r a bolhapiacon, ak\u00e1r a haszn\u00e1ltruha-boltban. Az \u00fcgyfelek \u00e9s a vev\u0151k \u00e1ltal\u00e1ban gyorsabban kezdenek el besz\u00e9lgetni. Nem sz\u00e1m\u00edt, hogy valami k\u00fcl\u00f6nlegeset keres, besz\u00e9ljen az \u00e1rr\u00f3l, a t\u00e1rgy k\u00fcl\u00f6nleges t\u00f6rt\u00e9net\u00e9r\u0151l vagy az elad\u00f3 szem\u00e9lyes tapasztalatair\u00f3l. Az emberek gyakran t\u00f6bbet \u00e9s gyorsabban besz\u00e9lgetnek egym\u00e1ssal.<\/p>\n\n<p>T\u00f6bbnyire nyugodt, szem\u00e9lyes \u00e9s \u00e9rdekl\u0151d\u0151.<\/p>\n\n<p>\u00c9s ez \u00f6sszek\u00f6t.<\/p>\n\n<p>\u00c9s ez fontos.<\/p>\n\n<p>Fogja a csal\u00e1dj\u00e1t, \u00e9s j\u00f6jj\u00f6n el a bolhapiacunkra. Gondoljunk csak a t\u00f6bbi j\u00f3 \u00e9s \u00e9sszer\u0171 \u00e9rvre, amelyek mellett\u00fcnk sz\u00f3lnak, \u00e9s amelyeket itt m\u00e1r felsoroltunk. Ak\u00e1r l\u00e1togat\u00f3k\u00e9nt, ak\u00e1r ki\u00e1ll\u00edt\u00f3k\u00e9nt &#8211; \u00e9rezd j\u00f3l magad, \u00e9s tudni fogod:<\/p>\n\n<p>A grazi bolhapiac egyszer\u0171en sz\u00f3rakoztat\u00f3bb &#8230;<\/p>\n\n<p>L\u00e1togasson el hozz\u00e1nk! <strong>Eg\u00e9sz \u00e9vben, b\u00e1rmilyen id\u0151ben, minden szombaton \u00e9s vas\u00e1rnap<\/strong>.<\/p>\n","protected":false},"excerpt":{"rendered":"<p>A fogyaszt\u00e1si cikkek \u00e1gazat\u00e1ban a nyersanyagok pazarl\u00f3 felhaszn\u00e1l\u00e1sa &#8211; a k\u00f6zleked\u00e9s \u00e9s az ipar mellett &#8211; az egyik f\u0151 oka napjaink hatalmas k\u00f6rnyezeti \u00e9s \u00e9ghajlati &#8230; <a title=\"\u00daj helyett haszn\u00e1lt &#8211; Bolhapiac Graz\" class=\"read-more\" href=\"https:\/\/flohmarktgraz.at\/hu\/uj-helyett-hasznalt-bolhapiac-graz\/\" aria-label=\"Read more about \u00daj helyett haszn\u00e1lt &#8211; Bolhapiac Graz\">\u27a0Weiterlesen<\/a><\/p>\n","protected":false},"author":1,"featured_media":2990,"comment_status":"closed","ping_status":"closed","sticky":false,"template":"","format":"standard","meta":{"footnotes":""},"categories":[1],"tags":[],"class_list":["post-3293","post","type-post","status-publish","format-standard","has-post-thumbnail","hentry","category-unkategorisiert"],"_links":{"self":[{"href":"https:\/\/flohmarktgraz.at\/hu\/wp-json\/wp\/v2\/posts\/3293","targetHints":{"allow":["GET"]}}],"collection":[{"href":"https:\/\/flohmarktgraz.at\/hu\/wp-json\/wp\/v2\/posts"}],"about":[{"href":"https:\/\/flohmarktgraz.at\/hu\/wp-json\/wp\/v2\/types\/post"}],"author":[{"embeddable":true,"href":"https:\/\/flohmarktgraz.at\/hu\/wp-json\/wp\/v2\/users\/1"}],"replies":[{"embeddable":true,"href":"https:\/\/flohmarktgraz.at\/hu\/wp-json\/wp\/v2\/comments?post=3293"}],"version-history":[{"count":0,"href":"https:\/\/flohmarktgraz.at\/hu\/wp-json\/wp\/v2\/posts\/3293\/revisions"}],"wp:featuredmedia":[{"embeddable":true,"href":"https:\/\/flohmarktgraz.at\/hu\/wp-json\/wp\/v2\/media\/2990"}],"wp:attachment":[{"href":"https:\/\/flohmarktgraz.at\/hu\/wp-json\/wp\/v2\/media?parent=3293"}],"wp:term":[{"taxonomy":"category","embeddable":true,"href":"https:\/\/flohmarktgraz.at\/hu\/wp-json\/wp\/v2\/categories?post=3293"},{"taxonomy":"post_tag","embeddable":true,"href":"https:\/\/flohmarktgraz.at\/hu\/wp-json\/wp\/v2\/tags?post=3293"}],"curies":[{"name":"wp","href":"https:\/\/api.w.org\/{rel}","templated":true}]}}